{"id":364,"date":"2020-09-20T19:49:39","date_gmt":"2020-09-20T17:49:39","guid":{"rendered":"http:\/\/wp.celine-gerny.fr\/?p=364"},"modified":"2020-09-20T19:52:28","modified_gmt":"2020-09-20T17:52:28","slug":"lies-pour-la-vie","status":"publish","type":"post","link":"http:\/\/wp.celine-gerny.fr\/?p=364","title":{"rendered":"Li\u00e9s pour la vie"},"content":{"rendered":"\n<p>Une superbe journ\u00e9e sur le tournage de \u00ab Li\u00e9s pour la vie \u00bb.<br>Adaptation au cin\u00e9ma du roman du m\u00eame nom de Laetitia Milot.<br>J\u2019ai eu l\u2019honneur que mon exp\u00e9rience de vie ait pu inspirer la r\u00e9daction du roman et la fiert\u00e9, aujourd\u2019hui, de pouvoir \u00eatre figurante sur le tournage du film.<br>Merci \u00e0 Laetitia Milot de valoriser les athl\u00e8tes handicap\u00e9s et de faire conna\u00eetre le para-dressage. <\/p>\n\n\n\n<figure class=\"wp-block-image size-large\"><img decoding=\"async\" loading=\"lazy\" width=\"960\" height=\"720\" src=\"http:\/\/wp.celine-gerny.fr\/wp-content\/uploads\/2020\/09\/119079143_779320966163672_5251208529877824687_n-1.jpg\" alt=\"\" class=\"wp-image-369\" srcset=\"http:\/\/wp.celine-gerny.fr\/wp-content\/uploads\/2020\/09\/119079143_779320966163672_5251208529877824687_n-1.jpg 960w, http:\/\/wp.celine-gerny.fr\/wp-content\/uploads\/2020\/09\/119079143_779320966163672_5251208529877824687_n-1-300x225.jpg 300w, http:\/\/wp.celine-gerny.fr\/wp-content\/uploads\/2020\/09\/119079143_779320966163672_5251208529877824687_n-1-768x576.jpg 768w\" sizes=\"(max-width: 767px) 89vw, (max-width: 1000px) 54vw, (max-width: 1071px) 543px, 580px\" \/><\/figure>\n\n\n\n<!--more-->\n\n\n\n<p>Pour retrouvez le reportage r\u00e9alis\u00e9 pour 50&rsquo;Inside (TF1) le samedi 12 septembre, rendez-vous <a href=\"https:\/\/www.tf1.fr\/tf1\/50-mn-inside\/videos\/a-la-une-le-nouveau-defi-de-laetitia-milot-19444973.html\"><strong>ici<\/strong><\/a>.<\/p>\n\n\n\n<figure class=\"wp-block-gallery columns-1 is-cropped wp-block-gallery-1 is-layout-flex\"><ul class=\"blocks-gallery-grid\"><li class=\"blocks-gallery-item\"><figure><img decoding=\"async\" loading=\"lazy\" width=\"720\" height=\"960\" src=\"http:\/\/wp.celine-gerny.fr\/wp-content\/uploads\/2020\/09\/119158530_779321012830334_2319538692811171249_n.jpg\" alt=\"\" data-id=\"365\" data-full-url=\"http:\/\/wp.celine-gerny.fr\/wp-content\/uploads\/2020\/09\/119158530_779321012830334_2319538692811171249_n.jpg\" data-link=\"http:\/\/wp.celine-gerny.fr\/?attachment_id=365\" class=\"wp-image-365\" srcset=\"http:\/\/wp.celine-gerny.fr\/wp-content\/uploads\/2020\/09\/119158530_779321012830334_2319538692811171249_n.jpg 720w, http:\/\/wp.celine-gerny.fr\/wp-content\/uploads\/2020\/09\/119158530_779321012830334_2319538692811171249_n-225x300.jpg 225w\" sizes=\"(max-width: 720px) 100vw, 720px\" \/><\/figure><\/li><li class=\"blocks-gallery-item\"><figure><img decoding=\"async\" loading=\"lazy\" width=\"960\" height=\"720\" src=\"http:\/\/wp.celine-gerny.fr\/wp-content\/uploads\/2020\/09\/119118706_779320979497004_2341420945538034031_n.jpg\" alt=\"\" data-id=\"366\" data-full-url=\"http:\/\/wp.celine-gerny.fr\/wp-content\/uploads\/2020\/09\/119118706_779320979497004_2341420945538034031_n.jpg\" data-link=\"http:\/\/wp.celine-gerny.fr\/?attachment_id=366\" class=\"wp-image-366\" srcset=\"http:\/\/wp.celine-gerny.fr\/wp-content\/uploads\/2020\/09\/119118706_779320979497004_2341420945538034031_n.jpg 960w, http:\/\/wp.celine-gerny.fr\/wp-content\/uploads\/2020\/09\/119118706_779320979497004_2341420945538034031_n-300x225.jpg 300w, http:\/\/wp.celine-gerny.fr\/wp-content\/uploads\/2020\/09\/119118706_779320979497004_2341420945538034031_n-768x576.jpg 768w\" sizes=\"(max-width: 767px) 89vw, (max-width: 1000px) 54vw, (max-width: 1071px) 543px, 580px\" \/><\/figure><\/li><li class=\"blocks-gallery-item\"><figure><img decoding=\"async\" loading=\"lazy\" width=\"720\" height=\"960\" src=\"http:\/\/wp.celine-gerny.fr\/wp-content\/uploads\/2020\/09\/119150757_779321079496994_2948467208616755278_n.jpg\" alt=\"\" data-id=\"367\" data-full-url=\"http:\/\/wp.celine-gerny.fr\/wp-content\/uploads\/2020\/09\/119150757_779321079496994_2948467208616755278_n.jpg\" data-link=\"http:\/\/wp.celine-gerny.fr\/?attachment_id=367\" class=\"wp-image-367\" srcset=\"http:\/\/wp.celine-gerny.fr\/wp-content\/uploads\/2020\/09\/119150757_779321079496994_2948467208616755278_n.jpg 720w, http:\/\/wp.celine-gerny.fr\/wp-content\/uploads\/2020\/09\/119150757_779321079496994_2948467208616755278_n-225x300.jpg 225w\" sizes=\"(max-width: 720px) 100vw, 720px\" \/><\/figure><\/li><\/ul><\/figure>\n","protected":false},"excerpt":{"rendered":"<p>Une superbe journ\u00e9e sur le tournage de \u00ab Li\u00e9s pour la vie \u00bb.Adaptation au cin\u00e9ma du roman du m\u00eame nom de Laetitia Milot.J\u2019ai eu l\u2019honneur que mon exp\u00e9rience de vie ait pu inspirer la r\u00e9daction du roman et la fiert\u00e9, aujourd\u2019hui, de pouvoir \u00eatre figurante sur le tournage du film.Merci \u00e0 Laetitia Milot de valoriser &hellip; <\/p>\n<p class=\"link-more\"><a href=\"http:\/\/wp.celine-gerny.fr\/?p=364\" class=\"more-link\">Continuer la lecture<span class=\"screen-reader-text\"> de &laquo;&nbsp;Li\u00e9s pour la vie&nbsp;&raquo;<\/span><\/a><\/p>\n","protected":false},"author":2,"featured_media":0,"comment_status":"open","ping_status":"open","sticky":false,"template":"","format":"standard","meta":[],"categories":[1],"tags":[],"_links":{"self":[{"href":"http:\/\/wp.celine-gerny.fr\/index.php?rest_route=\/wp\/v2\/posts\/364"}],"collection":[{"href":"http:\/\/wp.celine-gerny.fr\/index.php?rest_route=\/wp\/v2\/posts"}],"about":[{"href":"http:\/\/wp.celine-gerny.fr\/index.php?rest_route=\/wp\/v2\/types\/post"}],"author":[{"embeddable":true,"href":"http:\/\/wp.celine-gerny.fr\/index.php?rest_route=\/wp\/v2\/users\/2"}],"replies":[{"embeddable":true,"href":"http:\/\/wp.celine-gerny.fr\/index.php?rest_route=%2Fwp%2Fv2%2Fcomments&post=364"}],"version-history":[{"count":2,"href":"http:\/\/wp.celine-gerny.fr\/index.php?rest_route=\/wp\/v2\/posts\/364\/revisions"}],"predecessor-version":[{"id":372,"href":"http:\/\/wp.celine-gerny.fr\/index.php?rest_route=\/wp\/v2\/posts\/364\/revisions\/372"}],"wp:attachment":[{"href":"http:\/\/wp.celine-gerny.fr\/index.php?rest_route=%2Fwp%2Fv2%2Fmedia&parent=364"}],"wp:term":[{"taxonomy":"category","embeddable":true,"href":"http:\/\/wp.celine-gerny.fr\/index.php?rest_route=%2Fwp%2Fv2%2Fcategories&post=364"},{"taxonomy":"post_tag","embeddable":true,"href":"http:\/\/wp.celine-gerny.fr\/index.php?rest_route=%2Fwp%2Fv2%2Ftags&post=364"}],"curies":[{"name":"wp","href":"https:\/\/api.w.org\/{rel}","templated":true}]}}