{"id":406,"date":"2021-03-17T23:20:54","date_gmt":"2021-03-17T22:20:54","guid":{"rendered":"http:\/\/wp.celine-gerny.fr\/?p=406"},"modified":"2021-03-17T23:20:54","modified_gmt":"2021-03-17T22:20:54","slug":"exposition-regards-de-femmes","status":"publish","type":"post","link":"http:\/\/wp.celine-gerny.fr\/?p=406","title":{"rendered":"Exposition \u00ab\u00a0Regards de femmes\u00a0\u00bb"},"content":{"rendered":"\n<div class=\"wp-block-media-text alignwide\" style=\"grid-template-columns:49% auto\"><figure class=\"wp-block-media-text__media\"><img decoding=\"async\" loading=\"lazy\" width=\"1024\" height=\"682\" src=\"http:\/\/wp.celine-gerny.fr\/wp-content\/uploads\/2021\/03\/received_501978134321500-1024x682.jpeg\" alt=\"\" class=\"wp-image-412\" srcset=\"http:\/\/wp.celine-gerny.fr\/wp-content\/uploads\/2021\/03\/received_501978134321500-1024x682.jpeg 1024w, http:\/\/wp.celine-gerny.fr\/wp-content\/uploads\/2021\/03\/received_501978134321500-300x200.jpeg 300w, http:\/\/wp.celine-gerny.fr\/wp-content\/uploads\/2021\/03\/received_501978134321500-768x512.jpeg 768w, http:\/\/wp.celine-gerny.fr\/wp-content\/uploads\/2021\/03\/received_501978134321500.jpeg 1280w\" sizes=\"(max-width: 767px) 89vw, (max-width: 1000px) 54vw, (max-width: 1071px) 543px, 580px\" \/><\/figure><div class=\"wp-block-media-text__content\">\n<figure class=\"wp-block-image size-large is-resized\"><img decoding=\"async\" loading=\"lazy\" src=\"http:\/\/wp.celine-gerny.fr\/wp-content\/uploads\/2021\/03\/received_816943205841026-1024x683.jpeg\" alt=\"\" class=\"wp-image-413\" width=\"273\" height=\"182\" srcset=\"http:\/\/wp.celine-gerny.fr\/wp-content\/uploads\/2021\/03\/received_816943205841026-1024x683.jpeg 1024w, http:\/\/wp.celine-gerny.fr\/wp-content\/uploads\/2021\/03\/received_816943205841026-300x200.jpeg 300w, http:\/\/wp.celine-gerny.fr\/wp-content\/uploads\/2021\/03\/received_816943205841026-768x512.jpeg 768w, http:\/\/wp.celine-gerny.fr\/wp-content\/uploads\/2021\/03\/received_816943205841026.jpeg 1032w\" sizes=\"(max-width: 273px) 100vw, 273px\" \/><\/figure>\n<\/div><\/div>\n\n\n\n<p>\u00c0 l&rsquo;occasion de la <strong>Journ\u00e9e internationale des droits des femmes<\/strong>, la ville de Charleville-M\u00e9zi\u00e8res s&rsquo;est mobilis\u00e9e \u00e0 travers l&rsquo;exposition \u00ab\u00a0Regard de femmes\u00a0\u00bb pour mettre \u00e0 l&rsquo;honneur les femmes qui participent \u00e0 la vie sociale, politique, culturelle, sportive, associative, \u00e9conomique&#8230; du territoire ardennais. C&rsquo;est avec une immense fiert\u00e9 que j&rsquo;ai accept\u00e9 de faire partie de cette exposition photo pour repr\u00e9senter le handisport au f\u00e9minin, sujet si cher \u00e0 mon c\u0153ur !\u00a0Rendez-vous donc Esplanade Roger Mas \u00e0 Charleville-M\u00e9zi\u00e8res, pour d\u00e9couvrir ces superbes clich\u00e9s !<\/p>\n\n\n\n<p>L&rsquo;\u00e9quitation est une formidable vitrine de l&rsquo;\u00e9galit\u00e9 homme-femme puisqu&rsquo;il s&rsquo;agit de l&rsquo;un des seuls sports mixtes o\u00f9 vous pourrez donc assister \u00e0 des comp\u00e9titions o\u00f9 hommes et femmes concourent sur un m\u00eame pied d&rsquo;\u00e9galit\u00e9 ! Saviez-vous qu&rsquo;il s&rsquo;agit avec la voile des deux seuls sports olympiques enti\u00e8rement mixtes ?<\/p>\n\n\n\n<p>L&rsquo;\u00e9quitation est tr\u00e8s largement pratiqu\u00e9e par les femmes. ce qui fait d&rsquo;ailleurs de la FFE (F\u00e9d\u00e9ration Fran\u00e7aise d&rsquo;Equitation) la premi\u00e8re f\u00e9d\u00e9ration f\u00e9minine avec 8 licenci\u00e9s sur 10 (source : IFCE, 2018). Alors mesdames, et si vous vous mettiez en selle ?<\/p>\n\n\n\n<div class=\"wp-block-group\"><div class=\"wp-block-group__inner-container is-layout-flow\">\n<figure class=\"wp-block-gallery columns-3 is-cropped wp-block-gallery-1 is-layout-flex\"><ul class=\"blocks-gallery-grid\"><li class=\"blocks-gallery-item\"><figure><img decoding=\"async\" loading=\"lazy\" width=\"480\" height=\"360\" src=\"http:\/\/wp.celine-gerny.fr\/wp-content\/uploads\/2021\/03\/received_751732188865170.jpeg\" alt=\"\" data-id=\"411\" data-full-url=\"http:\/\/wp.celine-gerny.fr\/wp-content\/uploads\/2021\/03\/received_751732188865170.jpeg\" data-link=\"http:\/\/wp.celine-gerny.fr\/?attachment_id=411\" class=\"wp-image-411\" srcset=\"http:\/\/wp.celine-gerny.fr\/wp-content\/uploads\/2021\/03\/received_751732188865170.jpeg 480w, http:\/\/wp.celine-gerny.fr\/wp-content\/uploads\/2021\/03\/received_751732188865170-300x225.jpeg 300w\" sizes=\"(max-width: 480px) 100vw, 480px\" \/><\/figure><\/li><li class=\"blocks-gallery-item\"><figure><img decoding=\"async\" loading=\"lazy\" width=\"528\" height=\"720\" src=\"http:\/\/wp.celine-gerny.fr\/wp-content\/uploads\/2021\/03\/received_454522605643140.jpeg\" alt=\"\" data-id=\"407\" data-full-url=\"http:\/\/wp.celine-gerny.fr\/wp-content\/uploads\/2021\/03\/received_454522605643140.jpeg\" data-link=\"http:\/\/wp.celine-gerny.fr\/?attachment_id=407\" class=\"wp-image-407\" srcset=\"http:\/\/wp.celine-gerny.fr\/wp-content\/uploads\/2021\/03\/received_454522605643140.jpeg 528w, http:\/\/wp.celine-gerny.fr\/wp-content\/uploads\/2021\/03\/received_454522605643140-220x300.jpeg 220w\" sizes=\"(max-width: 528px) 100vw, 528px\" \/><\/figure><\/li><li class=\"blocks-gallery-item\"><figure><img decoding=\"async\" loading=\"lazy\" width=\"480\" height=\"360\" src=\"http:\/\/wp.celine-gerny.fr\/wp-content\/uploads\/2021\/03\/received_1111559456010713.jpeg\" alt=\"\" data-id=\"408\" data-full-url=\"http:\/\/wp.celine-gerny.fr\/wp-content\/uploads\/2021\/03\/received_1111559456010713.jpeg\" data-link=\"http:\/\/wp.celine-gerny.fr\/?attachment_id=408\" class=\"wp-image-408\" srcset=\"http:\/\/wp.celine-gerny.fr\/wp-content\/uploads\/2021\/03\/received_1111559456010713.jpeg 480w, http:\/\/wp.celine-gerny.fr\/wp-content\/uploads\/2021\/03\/received_1111559456010713-300x225.jpeg 300w\" sizes=\"(max-width: 480px) 100vw, 480px\" \/><\/figure><\/li><li class=\"blocks-gallery-item\"><figure><img decoding=\"async\" loading=\"lazy\" width=\"469\" height=\"1024\" src=\"http:\/\/wp.celine-gerny.fr\/wp-content\/uploads\/2021\/03\/received_754457435458552-469x1024.jpeg\" alt=\"\" data-id=\"410\" data-full-url=\"http:\/\/wp.celine-gerny.fr\/wp-content\/uploads\/2021\/03\/received_754457435458552.jpeg\" data-link=\"http:\/\/wp.celine-gerny.fr\/?attachment_id=410\" class=\"wp-image-410\" srcset=\"http:\/\/wp.celine-gerny.fr\/wp-content\/uploads\/2021\/03\/received_754457435458552-469x1024.jpeg 469w, http:\/\/wp.celine-gerny.fr\/wp-content\/uploads\/2021\/03\/received_754457435458552-138x300.jpeg 138w, http:\/\/wp.celine-gerny.fr\/wp-content\/uploads\/2021\/03\/received_754457435458552.jpeg 550w\" sizes=\"(max-width: 469px) 100vw, 469px\" \/><\/figure><\/li><\/ul><\/figure>\n<\/div><\/div>\n\n\n\n<p> <\/p>\n","protected":false},"excerpt":{"rendered":"<p>\u00c0 l&rsquo;occasion de la Journ\u00e9e internationale des droits des femmes, la ville de Charleville-M\u00e9zi\u00e8res s&rsquo;est mobilis\u00e9e \u00e0 travers l&rsquo;exposition \u00ab\u00a0Regard de femmes\u00a0\u00bb pour mettre \u00e0 l&rsquo;honneur les femmes qui participent \u00e0 la vie sociale, politique, culturelle, sportive, associative, \u00e9conomique&#8230; du territoire ardennais. C&rsquo;est avec une immense fiert\u00e9 que j&rsquo;ai accept\u00e9 de faire partie de cette &hellip; <\/p>\n<p class=\"link-more\"><a href=\"http:\/\/wp.celine-gerny.fr\/?p=406\" class=\"more-link\">Continuer la lecture<span class=\"screen-reader-text\"> de &laquo;&nbsp;Exposition \u00ab\u00a0Regards de femmes\u00a0\u00bb&nbsp;&raquo;<\/span><\/a><\/p>\n","protected":false},"author":2,"featured_media":0,"comment_status":"closed","ping_status":"closed","sticky":false,"template":"","format":"standard","meta":[],"categories":[1],"tags":[],"_links":{"self":[{"href":"http:\/\/wp.celine-gerny.fr\/index.php?rest_route=\/wp\/v2\/posts\/406"}],"collection":[{"href":"http:\/\/wp.celine-gerny.fr\/index.php?rest_route=\/wp\/v2\/posts"}],"about":[{"href":"http:\/\/wp.celine-gerny.fr\/index.php?rest_route=\/wp\/v2\/types\/post"}],"author":[{"embeddable":true,"href":"http:\/\/wp.celine-gerny.fr\/index.php?rest_route=\/wp\/v2\/users\/2"}],"replies":[{"embeddable":true,"href":"http:\/\/wp.celine-gerny.fr\/index.php?rest_route=%2Fwp%2Fv2%2Fcomments&post=406"}],"version-history":[{"count":3,"href":"http:\/\/wp.celine-gerny.fr\/index.php?rest_route=\/wp\/v2\/posts\/406\/revisions"}],"predecessor-version":[{"id":416,"href":"http:\/\/wp.celine-gerny.fr\/index.php?rest_route=\/wp\/v2\/posts\/406\/revisions\/416"}],"wp:attachment":[{"href":"http:\/\/wp.celine-gerny.fr\/index.php?rest_route=%2Fwp%2Fv2%2Fmedia&parent=406"}],"wp:term":[{"taxonomy":"category","embeddable":true,"href":"http:\/\/wp.celine-gerny.fr\/index.php?rest_route=%2Fwp%2Fv2%2Fcategories&post=406"},{"taxonomy":"post_tag","embeddable":true,"href":"http:\/\/wp.celine-gerny.fr\/index.php?rest_route=%2Fwp%2Fv2%2Ftags&post=406"}],"curies":[{"name":"wp","href":"https:\/\/api.w.org\/{rel}","templated":true}]}}