{"id":423,"date":"2021-04-18T20:22:29","date_gmt":"2021-04-18T18:22:29","guid":{"rendered":"http:\/\/wp.celine-gerny.fr\/?p=423"},"modified":"2021-04-25T21:10:47","modified_gmt":"2021-04-25T19:10:47","slug":"waregem-pour-le-debut-de-saison-et-la-course-aux-selections","status":"publish","type":"post","link":"http:\/\/wp.celine-gerny.fr\/?p=423","title":{"rendered":"Waregem pour le d\u00e9but de saison&#8230;et la course aux s\u00e9lections !"},"content":{"rendered":"\n<p>D\u00e9cid\u00e9ment quelle dr\u00f4le d&rsquo;ann\u00e9e ! Apr\u00e8s les bouleversements engendr\u00e9s par la pand\u00e9mie de Covid19, nous pensions reprendre le chemin des comp\u00e9titions \u00e0 M\u00e2con (FRA) mi-mars afin d&rsquo;entamer notre course aux s\u00e9lections pour les Jeux paralympiques.<\/p>\n\n\n\n<p>C&rsquo;\u00e9tait sans compter une autre \u00e9pid\u00e9mie, cette fois qui concerne les chevaux : la rhinopneumonie qui a frapp\u00e9 de nombreux pays d\u00e8s f\u00e9vrier. Devant le caract\u00e8re tr\u00e8s contagieux de ce virus respiratoire, la FEI (F\u00e9d\u00e9ration Equestre Internationale) a pris la sage d\u00e9cision d&rsquo;interdire toutes les comp\u00e9titions et rassemblements \u00e9questres afin d&rsquo;enrayer l&rsquo;\u00e9pid\u00e9mie. Cette interdiction a pris fin mi-avril, je vais donc avoir le plaisir de me rendre du <strong>22 au 25 avril \u00e0 Waregem (BEL)<\/strong> \u00e0 l&rsquo;occasion du CPEDI3*, organis\u00e9 par <strong><a href=\"https:\/\/www.quadrille.bz\/fr\/quadrille\">Quadrille<\/a><\/strong>. <\/p>\n\n\n\n<!--more-->\n\n\n\n<p>Je serai accompagn\u00e9e de ma fid\u00e8le <strong><a href=\"http:\/\/wp.celine-gerny.fr\/?page_id=94\">Rhapsodie*IFCE<\/a><\/strong> avec laquelle j&rsquo;ai continu\u00e9 \u00e0 m&rsquo;entra\u00eener d&rsquo;arrache-pied malgr\u00e9 cette pause impos\u00e9e. Malheureusement, les conditions sanitaires imposent l&rsquo;organisation de ce concours \u00e0 huis clos. Nous n&rsquo;aurons donc pas le plaisir de concourir devant l&rsquo;enthousiasme du public mais un livestream vous permettra de suivre mes \u00e9preuves en direct ! <\/p>\n\n\n\n<div class=\"wp-block-image\"><figure class=\"aligncenter size-large\"><img decoding=\"async\" loading=\"lazy\" width=\"480\" height=\"360\" src=\"http:\/\/wp.celine-gerny.fr\/wp-content\/uploads\/2020\/08\/107606751_903427976806210_8178005681408470723_n.jpg\" alt=\"\" class=\"wp-image-148\" srcset=\"http:\/\/wp.celine-gerny.fr\/wp-content\/uploads\/2020\/08\/107606751_903427976806210_8178005681408470723_n.jpg 480w, http:\/\/wp.celine-gerny.fr\/wp-content\/uploads\/2020\/08\/107606751_903427976806210_8178005681408470723_n-300x225.jpg 300w\" sizes=\"(max-width: 480px) 100vw, 480px\" \/><\/figure><\/div>\n\n\n\n<p>Rendez-vous d\u00e8s le 22 avril <strong><a href=\"https:\/\/www.quadrille.bz\/fr\/quadrille\">ici<\/a><\/strong> pour ne rien manquer !<\/p>\n\n\n\n<h2 class=\"wp-block-heading\">Le long chemin des s\u00e9lections <\/h2>\n\n\n\n<p>Repr\u00e9senter la France aux Jeux paralympiques c&rsquo;est un r\u00eave pour tout athl\u00e8te, mais aussi un long chemin \u00e0 parcourir avec : <br>&#8211; <strong>la participation aux Master Class f\u00e9d\u00e9rales<\/strong>&nbsp; <br>&#8211; <strong>la participation \u00e0 plusieurs comp\u00e9titions internationales&nbsp;<\/strong>: CPEDI 3* de Waregem (BEL), du 21 au 25 avril \/ CPEDI 3* de Deauville (FRA), du 13 au 16 mai \/ CPEDI 3* de Kronenberg (NED), du 10 au 13 juin<\/p>\n\n\n\n<p><strong>Les Jeux Paralympiques&nbsp;<\/strong>se tiendront quant \u00e0 eux \u00e0 partir du 24 ao\u00fbt avec la c\u00e9r\u00e9monie d&rsquo;ouverture. La visite v\u00e9t\u00e9rinaire pr\u00e9vue le 25 ao\u00fbt sera suivie des \u00e9preuves du 26 au 30 ao\u00fbt.<\/p>\n\n\n\n<p><br>A tr\u00e8s vite pour les r\u00e9sultats de ce premier concours ! <\/p>\n","protected":false},"excerpt":{"rendered":"<p>D\u00e9cid\u00e9ment quelle dr\u00f4le d&rsquo;ann\u00e9e ! Apr\u00e8s les bouleversements engendr\u00e9s par la pand\u00e9mie de Covid19, nous pensions reprendre le chemin des comp\u00e9titions \u00e0 M\u00e2con (FRA) mi-mars afin d&rsquo;entamer notre course aux s\u00e9lections pour les Jeux paralympiques. C&rsquo;\u00e9tait sans compter une autre \u00e9pid\u00e9mie, cette fois qui concerne les chevaux : la rhinopneumonie qui a frapp\u00e9 de nombreux &hellip; <\/p>\n<p class=\"link-more\"><a href=\"http:\/\/wp.celine-gerny.fr\/?p=423\" class=\"more-link\">Continuer la lecture<span class=\"screen-reader-text\"> de &laquo;&nbsp;Waregem pour le d\u00e9but de saison&#8230;et la course aux s\u00e9lections !&nbsp;&raquo;<\/span><\/a><\/p>\n","protected":false},"author":2,"featured_media":0,"comment_status":"closed","ping_status":"open","sticky":false,"template":"","format":"standard","meta":[],"categories":[1],"tags":[],"_links":{"self":[{"href":"http:\/\/wp.celine-gerny.fr\/index.php?rest_route=\/wp\/v2\/posts\/423"}],"collection":[{"href":"http:\/\/wp.celine-gerny.fr\/index.php?rest_route=\/wp\/v2\/posts"}],"about":[{"href":"http:\/\/wp.celine-gerny.fr\/index.php?rest_route=\/wp\/v2\/types\/post"}],"author":[{"embeddable":true,"href":"http:\/\/wp.celine-gerny.fr\/index.php?rest_route=\/wp\/v2\/users\/2"}],"replies":[{"embeddable":true,"href":"http:\/\/wp.celine-gerny.fr\/index.php?rest_route=%2Fwp%2Fv2%2Fcomments&post=423"}],"version-history":[{"count":2,"href":"http:\/\/wp.celine-gerny.fr\/index.php?rest_route=\/wp\/v2\/posts\/423\/revisions"}],"predecessor-version":[{"id":457,"href":"http:\/\/wp.celine-gerny.fr\/index.php?rest_route=\/wp\/v2\/posts\/423\/revisions\/457"}],"wp:attachment":[{"href":"http:\/\/wp.celine-gerny.fr\/index.php?rest_route=%2Fwp%2Fv2%2Fmedia&parent=423"}],"wp:term":[{"taxonomy":"category","embeddable":true,"href":"http:\/\/wp.celine-gerny.fr\/index.php?rest_route=%2Fwp%2Fv2%2Fcategories&post=423"},{"taxonomy":"post_tag","embeddable":true,"href":"http:\/\/wp.celine-gerny.fr\/index.php?rest_route=%2Fwp%2Fv2%2Ftags&post=423"}],"curies":[{"name":"wp","href":"https:\/\/api.w.org\/{rel}","templated":true}]}}