{"id":522,"date":"2022-04-10T22:08:59","date_gmt":"2022-04-10T20:08:59","guid":{"rendered":"http:\/\/wp.celine-gerny.fr\/?p=522"},"modified":"2022-04-10T22:24:05","modified_gmt":"2022-04-10T20:24:05","slug":"retour-en-piste-a-deauville","status":"publish","type":"post","link":"http:\/\/wp.celine-gerny.fr\/?p=522","title":{"rendered":"Retour en piste \u00e0 Deauville"},"content":{"rendered":"\n<p>Apr\u00e8s quelques semaines de tr\u00eave hivernale, mes juments et moi avons repris le chemin des terrains de concours du 1er au 3 avril lors du CPEDI 3* de Deauville.<\/p>\n\n\n\n<p>J&rsquo;ai sell\u00e9 \u00e0 cette occasion mes fid\u00e8les Belle de Jour*IFCE et Rhapsodie*IFCE. <\/p>\n\n\n\n<!--more-->\n\n\n\n<p>Malheureusement la m\u00e9t\u00e9o normande n&rsquo;a pas \u00e9t\u00e9 tr\u00e8s cl\u00e9mente et a oblig\u00e9 les organisateurs \u00e0 redirig\u00e9 l&rsquo;ensemble des \u00e9preuves dans le grand man\u00e8ge. Nous avons tout de m\u00eame b\u00e9n\u00e9ficier d&rsquo;une acclimatation dans cette  atmosph\u00e8re bien diff\u00e9rente de l&rsquo;ext\u00e9rieur gr\u00e2ce \u00e0 la tr\u00e8s bonne r\u00e9activit\u00e9 de l&rsquo;\u00e9quipe d&rsquo;Handi Equi Compet, \u00e0 la man\u0153uvre de ce grand rendez-vous.<\/p>\n\n\n\n<p><strong>Rhapsodie*IFCE<\/strong> a confirm\u00e9 qu&rsquo;elle \u00e9tait toujours aussi volontaire et performante apr\u00e8s son retour de Tokyo en cumulant de tr\u00e8s belles notes : <\/p>\n\n\n\n<p>&#8211; 3\u00e8me de l&rsquo;individual test le vendredi avec 70.303%<\/p>\n\n\n\n<p>&#8211; 2\u00e8me du team test le samedi avec 70.794%<\/p>\n\n\n\n<p>&#8211; 4\u00e8me du freestyle en cl\u00f4ture le dimanche avec la tr\u00e8s jolie moyenne de 73.033%<\/p>\n\n\n\n<p>S\u00e9lectionn\u00e9es pour repr\u00e9senter la France lors de la coupe des nations, nos tr\u00e8s belles performances individuelles et collectives permettent \u00e0 mes co\u00e9quipiers et moi-m\u00eame de monter sur la 3\u00e8me marche du podium de la comp\u00e9tition par \u00e9quipe !<\/p>\n\n\n\n<p><strong>Belle de Jour*IFCE<\/strong> a elle aussi montr\u00e9 de jolies choses mais a manqu\u00e9 un peu de d\u00e9contraction dans cette difficile enceinte, nous faisant perdre de pr\u00e9cieux points au pas. Belle est encore jeune \u00e0 ce niveau d&rsquo;\u00e9preuve, il faut qu&rsquo;elle continue de s&rsquo;aguerrir en comp\u00e9tition pour montrer tout l&rsquo;excellent potentiel que nous lui connaissons ! <\/p>\n\n\n\n<figure class=\"wp-block-gallery columns-3 is-cropped wp-block-gallery-1 is-layout-flex\"><ul class=\"blocks-gallery-grid\"><li class=\"blocks-gallery-item\"><figure><img decoding=\"async\" loading=\"lazy\" width=\"768\" height=\"1024\" src=\"http:\/\/wp.celine-gerny.fr\/wp-content\/uploads\/2022\/04\/277590822_1145800549515710_829334246192474505_n-768x1024.jpg\" alt=\"\" data-id=\"523\" data-full-url=\"http:\/\/wp.celine-gerny.fr\/wp-content\/uploads\/2022\/04\/277590822_1145800549515710_829334246192474505_n.jpg\" data-link=\"http:\/\/wp.celine-gerny.fr\/?attachment_id=523\" class=\"wp-image-523\" srcset=\"http:\/\/wp.celine-gerny.fr\/wp-content\/uploads\/2022\/04\/277590822_1145800549515710_829334246192474505_n-768x1024.jpg 768w, http:\/\/wp.celine-gerny.fr\/wp-content\/uploads\/2022\/04\/277590822_1145800549515710_829334246192474505_n-225x300.jpg 225w, http:\/\/wp.celine-gerny.fr\/wp-content\/uploads\/2022\/04\/277590822_1145800549515710_829334246192474505_n-1152x1536.jpg 1152w, http:\/\/wp.celine-gerny.fr\/wp-content\/uploads\/2022\/04\/277590822_1145800549515710_829334246192474505_n.jpg 1200w\" sizes=\"(max-width: 767px) 89vw, (max-width: 1000px) 54vw, (max-width: 1071px) 543px, 580px\" \/><\/figure><\/li><li class=\"blocks-gallery-item\"><figure><img decoding=\"async\" loading=\"lazy\" width=\"960\" height=\"720\" src=\"http:\/\/wp.celine-gerny.fr\/wp-content\/uploads\/2022\/04\/277563506_1144561562972942_8053785491692659044_n.jpg\" alt=\"\" data-id=\"524\" data-full-url=\"http:\/\/wp.celine-gerny.fr\/wp-content\/uploads\/2022\/04\/277563506_1144561562972942_8053785491692659044_n.jpg\" data-link=\"http:\/\/wp.celine-gerny.fr\/?attachment_id=524\" class=\"wp-image-524\" srcset=\"http:\/\/wp.celine-gerny.fr\/wp-content\/uploads\/2022\/04\/277563506_1144561562972942_8053785491692659044_n.jpg 960w, http:\/\/wp.celine-gerny.fr\/wp-content\/uploads\/2022\/04\/277563506_1144561562972942_8053785491692659044_n-300x225.jpg 300w, http:\/\/wp.celine-gerny.fr\/wp-content\/uploads\/2022\/04\/277563506_1144561562972942_8053785491692659044_n-768x576.jpg 768w\" sizes=\"(max-width: 767px) 89vw, (max-width: 1000px) 54vw, (max-width: 1071px) 543px, 580px\" \/><\/figure><\/li><li class=\"blocks-gallery-item\"><figure><img decoding=\"async\" loading=\"lazy\" width=\"692\" height=\"1024\" src=\"http:\/\/wp.celine-gerny.fr\/wp-content\/uploads\/2022\/04\/277354023_1145184582910640_2335983449985178385_n-692x1024.jpg\" alt=\"\" data-id=\"525\" data-full-url=\"http:\/\/wp.celine-gerny.fr\/wp-content\/uploads\/2022\/04\/277354023_1145184582910640_2335983449985178385_n.jpg\" data-link=\"http:\/\/wp.celine-gerny.fr\/?attachment_id=525\" class=\"wp-image-525\" srcset=\"http:\/\/wp.celine-gerny.fr\/wp-content\/uploads\/2022\/04\/277354023_1145184582910640_2335983449985178385_n-692x1024.jpg 692w, http:\/\/wp.celine-gerny.fr\/wp-content\/uploads\/2022\/04\/277354023_1145184582910640_2335983449985178385_n-203x300.jpg 203w, http:\/\/wp.celine-gerny.fr\/wp-content\/uploads\/2022\/04\/277354023_1145184582910640_2335983449985178385_n-768x1137.jpg 768w, http:\/\/wp.celine-gerny.fr\/wp-content\/uploads\/2022\/04\/277354023_1145184582910640_2335983449985178385_n-1038x1536.jpg 1038w, http:\/\/wp.celine-gerny.fr\/wp-content\/uploads\/2022\/04\/277354023_1145184582910640_2335983449985178385_n.jpg 1371w\" sizes=\"(max-width: 692px) 100vw, 692px\" \/><\/figure><\/li><li class=\"blocks-gallery-item\"><figure><img decoding=\"async\" loading=\"lazy\" width=\"1024\" height=\"461\" src=\"http:\/\/wp.celine-gerny.fr\/wp-content\/uploads\/2022\/04\/277460924_1145184329577332_5954937202074092764_n-1024x461.jpg\" alt=\"\" data-id=\"526\" data-full-url=\"http:\/\/wp.celine-gerny.fr\/wp-content\/uploads\/2022\/04\/277460924_1145184329577332_5954937202074092764_n.jpg\" data-link=\"http:\/\/wp.celine-gerny.fr\/?attachment_id=526\" class=\"wp-image-526\" srcset=\"http:\/\/wp.celine-gerny.fr\/wp-content\/uploads\/2022\/04\/277460924_1145184329577332_5954937202074092764_n-1024x461.jpg 1024w, http:\/\/wp.celine-gerny.fr\/wp-content\/uploads\/2022\/04\/277460924_1145184329577332_5954937202074092764_n-300x135.jpg 300w, http:\/\/wp.celine-gerny.fr\/wp-content\/uploads\/2022\/04\/277460924_1145184329577332_5954937202074092764_n-768x346.jpg 768w, http:\/\/wp.celine-gerny.fr\/wp-content\/uploads\/2022\/04\/277460924_1145184329577332_5954937202074092764_n-1536x691.jpg 1536w, http:\/\/wp.celine-gerny.fr\/wp-content\/uploads\/2022\/04\/277460924_1145184329577332_5954937202074092764_n.jpg 1600w\" sizes=\"(max-width: 767px) 89vw, (max-width: 1000px) 54vw, (max-width: 1071px) 543px, 580px\" \/><\/figure><\/li><\/ul><\/figure>\n\n\n\n<p>Je suis ravie de ce retour en comp\u00e9tition o\u00f9 j&rsquo;ai pu talonner voire d\u00e9passer les t\u00eates d&rsquo;affiche de ma discipline. La saison est d\u00e9finitivement lanc\u00e9e !<\/p>\n\n\n\n<p>Rendez-vous du 22 au 24 avril \u00e0 Waregem (BEL) pour la suite !<\/p>\n","protected":false},"excerpt":{"rendered":"<p>Apr\u00e8s quelques semaines de tr\u00eave hivernale, mes juments et moi avons repris le chemin des terrains de concours du 1er au 3 avril lors du CPEDI 3* de Deauville. J&rsquo;ai sell\u00e9 \u00e0 cette occasion mes fid\u00e8les Belle de Jour*IFCE et Rhapsodie*IFCE.<\/p>\n","protected":false},"author":2,"featured_media":526,"comment_status":"closed","ping_status":"open","sticky":false,"template":"","format":"standard","meta":[],"categories":[1],"tags":[],"_links":{"self":[{"href":"http:\/\/wp.celine-gerny.fr\/index.php?rest_route=\/wp\/v2\/posts\/522"}],"collection":[{"href":"http:\/\/wp.celine-gerny.fr\/index.php?rest_route=\/wp\/v2\/posts"}],"about":[{"href":"http:\/\/wp.celine-gerny.fr\/index.php?rest_route=\/wp\/v2\/types\/post"}],"author":[{"embeddable":true,"href":"http:\/\/wp.celine-gerny.fr\/index.php?rest_route=\/wp\/v2\/users\/2"}],"replies":[{"embeddable":true,"href":"http:\/\/wp.celine-gerny.fr\/index.php?rest_route=%2Fwp%2Fv2%2Fcomments&post=522"}],"version-history":[{"count":2,"href":"http:\/\/wp.celine-gerny.fr\/index.php?rest_route=\/wp\/v2\/posts\/522\/revisions"}],"predecessor-version":[{"id":532,"href":"http:\/\/wp.celine-gerny.fr\/index.php?rest_route=\/wp\/v2\/posts\/522\/revisions\/532"}],"wp:featuredmedia":[{"embeddable":true,"href":"http:\/\/wp.celine-gerny.fr\/index.php?rest_route=\/wp\/v2\/media\/526"}],"wp:attachment":[{"href":"http:\/\/wp.celine-gerny.fr\/index.php?rest_route=%2Fwp%2Fv2%2Fmedia&parent=522"}],"wp:term":[{"taxonomy":"category","embeddable":true,"href":"http:\/\/wp.celine-gerny.fr\/index.php?rest_route=%2Fwp%2Fv2%2Fcategories&post=522"},{"taxonomy":"post_tag","embeddable":true,"href":"http:\/\/wp.celine-gerny.fr\/index.php?rest_route=%2Fwp%2Fv2%2Ftags&post=522"}],"curies":[{"name":"wp","href":"https:\/\/api.w.org\/{rel}","templated":true}]}}